

    {"id":162517,"date":"2026-09-01T18:02:57","date_gmt":"2026-09-01T16:02:57","guid":{"rendered":"https:\/\/ms-contentfactory.srv.vocento.in\/contentfactorylocal\/?p=162517"},"modified":"2026-09-01T18:05:26","modified_gmt":"2026-09-01T16:05:26","slug":"salamaq-2026-la-feria-del-campo-por-excelencia-2","status":"publish","type":"post","link":"\/content-local\/salamaq-2026-la-feria-del-campo-por-excelencia-2\/","title":{"rendered":"Salamaq 2026, la feria del campo por excelencia"},"content":{"rendered":"<p>[vc_row el_class=\u00bbcol-1-1 tablet-col-1-1&#8243;][vc_column el_class=\u00bbcol-1-1 tablet-col-1-1&#8243;]\n        <div class='fullimg principal'>\n            <div class='tituloemergente'>\n                <div class='grid grid-pad'>\n                    <a class='open-btn close-nav quees' href=''>\n                        <span class='p-content'>DIPUTACI\u00d3N DE SALAMANCA<\/span>\n                    <\/a>\n                    <h1><strong>Salamaq 2026, la feria del campo por excelencia<\/strong><p>La Feria del Sector Agropecuario y 37 Exposici\u00f3n Internacional de Ganado Puro, gran cita nacional e internacional del sector agropecuario, se celebrar\u00e1 del 3 al 7 de septiembre en el Recinto Ferial de la Diputaci\u00f3n de Salamanca<\/p><\/h1>\n                <\/div>\n            <\/div>\n        <figure class='videoPrincipal'><img src='\/content-local\/wp-content\/uploads\/sites\/10\/2026\/09\/salamaq-portada.jpg'><\/figure><\/div>[\/vc_column][\/vc_row][vc_row centrar=\u00bbtrue\u00bb el_class=\u00bbgrid grid-pad\u00bb][vc_column el_class=\u00bbcol-1-1 tablet-col-1-1&#8243;]<div class='firmaRRSS '>\n       <div class='info'><address class='firmaAutor' data-autor='Content Local'><img src=\"\"> Content Local<\/address><time class='publicacion'>\n         1 septiembre, 2026 - 18:02<\/time><\/div>\n           <div class='compartir'><p>Compartir<\/p><ul>\n                <li class='facebook'>\n                            <a href='https:\/\/www.facebook.com\/sharer\/sharer.php?u=https:\/\/burgosconecta.es\/content-local\/salamaq-2026-la-feria-del-campo-por-excelencia-2\/' class='bcl-compartir-fb' data-voc-vtm-id='compartirrrss' data-voc-vtm-info='facebook' target='_blank' title='Compartelo en Facebook' rel='nofollow'>\n                        <i class='facebook'><\/i>\n                    <\/a>\n                <\/li><li class='twitter'>\n                    <a href='https:\/\/twitter.com\/intent\/tweet?text=https:\/\/burgosconecta.es\/content-local\/salamaq-2026-la-feria-del-campo-por-excelencia-2\/' class='bcl-compartir-tw twitter' data-voc-vtm-id='compartirrrss' data-voc-vtm-info='twitter' target='_blank' title='Compartelo en Twitter' rel='nofollow'>\n                        <i class='twitter'><\/i>\n                    <\/a>\n                <\/li><li class='whatsapp'>\n                    <a href='whatsapp:\/\/send?text=https:\/\/burgosconecta.es\/content-local\/salamaq-2026-la-feria-del-campo-por-excelencia-2\/' data-voc-vtm-id='compartirrrss' data-voc-vtm-info='whatsapp' class='whatsapp' target='_blank' title='Compartelo en whatsapp' rel='nofollow'>\n                        <i class='whatsapp'><\/i>\n                    <\/a>\n                <\/li>\n    \n    <\/ul><\/div><\/div>[\/vc_column][\/vc_row][vc_row centrar=\u00bbtrue\u00bb el_class=\u00bbgrid grid-pad\u00bb][vc_column el_class=\u00bbcol-10-12 tablet-col-1-1&#8243;]\n        <blockquote class=\"derecha \">\n\t\t<p class=\"parrafocount\">En esta edici\u00f3n, Salamaq re\u00fane, en sus 19.984 metros cuadrados de ocupaci\u00f3n, a 470 expositores y a 1.493 cabezas de ganado<\/p>\n        <address><\/address>\n\t\t<\/blockquote>\n    <p class=\"parrafocount\"><\/p><p class='parrafocount'><p class=\"has-drop-cap parrafocount\">Entre los d\u00edas 3 y 7 de septiembre, el Recinto Ferial de la Diputaci\u00f3n de Salamanca acoger\u00e1 Salamaq 2026, la Feria del Sector Agropecuario y 37 Exposici\u00f3n Internacional de Ganado Puro, que volver\u00e1 a situar a Salamanca como uno de los principales puntos de encuentro nacionales e internacionales del sector agropecuario. Como reconoci\u00f3 el presidente de la Diputaci\u00f3n, Javier Iglesias, durante la presentaci\u00f3n, \u00abSalamaq es la feria del campo por excelencia y la feria de Salamanca\u00bb, una cita que nace con un marcado car\u00e1cter provincial, pero que se proyecta con una clara vocaci\u00f3n nacional e internacional. En esa presentaci\u00f3n, estuvo acompa\u00f1ado por los diputados Santiago Casta\u00f1eda, Jos\u00e9 Roque, Carlos Garc\u00eda y Pilar S\u00e1nchez.<\/p>[vc_empty_space height=\u00bb16px\u00bb]<p class=\"parrafocount\">Seg\u00fan Iglesias, \u00abno hay mejor escaparate para el campo que Salamaq porque el coraz\u00f3n del campo late en Salamanca y en Salamaq\u00bb, una feria que permite poner en valor la importancia del sector primario y reconocer el trabajo de quienes contribuyen cada d\u00eda a mantener vivo el mundo rural.<\/p>[\/vc_column][\/vc_row][vc_row centrar=\u00bbtrue\u00bb el_class=\u00bbgrid grid-pad\u00bb][vc_column el_class=\u00bbcol-10-12 tablet-col-1-1&#8243;][vc_single_image image=\u00bb162507&#8243; img_size=\u00bbfull\u00bb add_caption=\u00bbyes\u00bb alignment=\u00bbcenter\u00bb]<p class=\"parrafocount\">Con un presupuesto de 1.180.550 euros \u2013635.050 euros corresponden al sector agropecuario y 545.500 euros a la Exposici\u00f3n de Ganado\u2013, Salamaq re\u00fane, en sus 19.984 metros cuadrados de ocupaci\u00f3n, a 470 expositores y a 1.493 cabezas de ganado. Asimismo, la Feria Agropecuaria vuelve a registrar una elevada demanda de participaci\u00f3n, que contar\u00e1 con 206 expositores comerciales.<\/p><p class='parrafocount'><p class='parrafocount'>El reconocimiento nacional e internacional de Salamaq se traduce en una ocupaci\u00f3n total en espacios como el pabell\u00f3n central, la zona de maquinaria, la lonja, la hosteler\u00eda, la nave alimentaria y la plaza del comercio. La elevada demanda ha provocado incluso que algunas solicitudes no hayan podido ser atendidas por falta de espacio, especialmente en la nave alimentaria, la plaza del comercio y la zona de maquinaria.<\/p>\n        <h2 class=\"\">El mayor protagonista, Castilla y Le\u00f3n<\/h2>\n    <p class=\"parrafocount\">Entre los expositores nacionales admitidos tiene un especial protagonismo Castilla y Le\u00f3n, con 110 empresas, a las que se suma la participaci\u00f3n internacional de cinco empresas de Portugal y una de Italia.<\/p><p class='parrafocount'><p class='parrafocount'>Salamaq volver\u00e1 a ser tambi\u00e9n un espacio para el conocimiento, el an\u00e1lisis y el debate sobre los principales retos del sector. Las jornadas profesionales reunir\u00e1n a m\u00e1s de 50 expertos, que abordar\u00e1n cuestiones de m\u00e1xima actualidad para agricultores y ganaderos, como la sanidad animal, la Pol\u00edtica Agraria Com\u00fan y la innovaci\u00f3n tecnol\u00f3gica. El objetivo que persigue la Diputaci\u00f3n es que Salamaq contin\u00fae dando voz al sector y sirva de foro para analizar los asuntos que realmente preocupan a los profesionales del campo.<\/p>[vc_single_image image=\u00bb162508&#8243; img_size=\u00bbfull\u00bb add_caption=\u00bbyes\u00bb alignment=\u00bbcenter\u00bb]<p class=\"parrafocount\">La feria extremar\u00e1 las precauciones en materia de sanidad animal y de prevenci\u00f3n, y antes de la entrada del ganado se realizar\u00e1n trabajos de desinsectaci\u00f3n y fumigaci\u00f3n, a lo que se sumar\u00e1 un estudio pionero de vigilancia entomol\u00f3gica desarrollado junto al grupo de investigaci\u00f3n \u2018Enfermedades zoon\u00f3sicas y una Sola Salud\u2019 de la Universidad de Salamanca. El programa permitir\u00e1 realizar una monitorizaci\u00f3n y control de mosquitos y otros vectores mediante trampas de captura de alta precisi\u00f3n en tres momentos clave: antes, durante y despu\u00e9s de la feria.<\/p>[vc_single_image image=\u00bb162509&#8243; img_size=\u00bbfull\u00bb add_caption=\u00bbyes\u00bb alignment=\u00bbcenter\u00bb]<p class=\"parrafocount\">Este gran certamen salmantino se celebrar\u00e1, adem\u00e1s, en un recinto que ha experimentado una profunda transformaci\u00f3n gracias a las inversiones realizadas por la Diputaci\u00f3n de Salamanca, que superan los 6,5 millones de euros. La actuaci\u00f3n ha permitido modernizar y mejorar el recinto con intervenciones como el nuevo bulevar, las obras de mejora y la nueva capa tecnol\u00f3gica, reforzando las posibilidades de un espacio preparado para afrontar los retos del futuro.<\/p>[vc_single_image image=\u00bb162510&#8243; img_size=\u00bbfull\u00bb add_caption=\u00bbyes\u00bb alignment=\u00bbcenter\u00bb]<p class=\"parrafocount\">Por su parte, el Pabell\u00f3n Salamanca en Bandeja reunir\u00e1 a 16 productores que ofrecer\u00e1n venta directa de algunos de los mejores productos de la provincia. La oferta gastron\u00f3mica se completar\u00e1 con 12 \u2018foodtrucks\u2019 situados en el bulevar central, adem\u00e1s de degustaciones y \u2018showcookings\u2019 de productos procedentes de razas puras y aut\u00f3ctonas. El programa incluir\u00e1 igualmente actividades divulgativas, exhibiciones ganaderas y ecuestres, demostraciones de unidades caninas y diferentes propuestas educativas para acercar el campo a todos los p\u00fablicos.<\/p>\n        <h2 class=\"\">37 Exposici\u00f3n Internacional de Ganado Puro<\/h2>\n    <p class=\"parrafocount\">Cerca de 1.500 ejemplares de cinco especies y 38 razas ganaderas convierten a Salamanca en una cita obligada de Espa\u00f1a y del sur de Europa pero no solo con cantidad sino por la calidad del ganado participante. Un total de 264 ganaderos de 25 provincias y de Portugal y de Italia conforman la 37 Exposici\u00f3n Internacional de Ganado Puro. El ganado vacuno vuelve a destacar con 212 ganaderos que aportan 1015 cabezas de 18 razas, en las que el charol\u00e9s, limusin, blonde de Aquitania y morucha, representan el grueso de la exposici\u00f3n.<\/p><p class='parrafocount'><p class='parrafocount'>Del resto de especies ganaderas, en ovino, se mantiene con m\u00e1s de 350 ejemplares de 9 razas aportadas por 27 ganaderos; sin olvidar el caprino con 46 ejemplares de la raza De las Mesetas; en porcino 42 de ib\u00e9rico aportados por 8 ganaderos, y equino con 35 cabezas, de 8 razas y la raza asnal zamorano-leonesa con 3 ejemplares, adem\u00e1s de la especie aviar, que en una carpa completan la asistencia de ganado.<\/p>[vc_single_image image=\u00bb162511&#8243; img_size=\u00bbfull\u00bb add_caption=\u00bbyes\u00bb alignment=\u00bbcenter\u00bb]<p class=\"parrafocount\">La Subasta Nacional de Ganado Vacuno volver\u00e1 a celebrarse dentro de los d\u00edas de Feria, concretamente el lunes, 7 de septiembre, a la que est\u00e1n previsto se puje por ejemplares de las razas Limusina, Charolesa, Blonde Aquitania, Morucha, Parda de Monta\u00f1a, Avile\u00f1a Negra Ib\u00e9rica, y Piren\u00e1ica.<\/p><p class='parrafocount'><p class='parrafocount'>En el \u00e1mbito de la competici\u00f3n y la selecci\u00f3n gen\u00e9tica, se celebrar\u00e1n cuatro Concursos Nacionales de Vacuno, correspondientes a las razas Limusina, Charolesa, Blonde de Aquitania y Morucha, adem\u00e1s de un Concurso Nacional de Ovino de raza Castellana. El programa se completar\u00e1 con otros concursos destacados de porcino ib\u00e9rico, caprino de raza Cabra de las Mesetas y vacuno de raza Avile\u00f1a Negra Ib\u00e9rica.<\/p>[vc_single_image image=\u00bb162512&#8243; img_size=\u00bbfull\u00bb add_caption=\u00bbyes\u00bb alignment=\u00bbcenter\u00bb]<p class=\"parrafocount\">Con el objetivo de acercar la Feria y el campo a la sociedad, Salamaq volver\u00e1 a retransmitir on line por su <a href=\"https:\/\/www.youtube.com\/@FeriaSalamaq-h6p\" rel=\"nofollow\">canal youtube<\/a> sus Concursos Morfol\u00f3gicos Nacionales de Ganado Vacuno, as\u00ed como las subastas y las jornadas profesionales. Asimismo, se contin\u00faa potenciando la adquisici\u00f3n de las entradas v\u00eda telem\u00e1tica <a href=\"https:\/\/www.salamaq.es\/\" rel=\"nofollow\">a trav\u00e9s de la web<\/a> y la App de Salamaq, si bien se podr\u00e1n adquirir presencialmente en taquillas.<\/p>[\/vc_column][\/vc_row][vc_row centrar=\u00bbtrue\u00bb el_class=\u00bbgrid grid-pad\u00bb][vc_column el_class=\u00bbcol-1-1 tablet-col-1-1&#8243;]\n        <div class='bloque'>\n         <div class='compartir'><p>Compartir<\/p><ul>\n                <li class='facebook'>\n                            <a href='https:\/\/www.facebook.com\/sharer\/sharer.php?u=https:\/\/burgosconecta.es' class='bcl-compartir-fb' target='_blank' title='Compartelo en Facebook' rel='nofollow'>\n                        <i class='facebook'><\/i>\n                    <\/a>\n                <\/li><li class='twitter'>\n                    <a href='https:\/\/twitter.com\/intent\/tweet?text=https:\/\/burgosconecta.es' class='bcl-compartir-tw twitter' target='_blank' title='Compartelo en Twitter' rel='nofollow'>\n                        <i class='twitter'><\/i>\n                    <\/a>\n                <\/li><li class='whatsapp'>\n                    <a href='whatsapp:\/\/send?text=https:\/\/burgosconecta.es' class='whatsapp' target='_blank' title='Compartelo en whatsapp' rel='nofollow'>\n                        <i class='whatsapp'><\/i>\n                    <\/a>\n                <\/li>\n                   <\/ul><\/div>\n        <div class='pie-ad '>\n            <p>Contenido para<strong> DIPUTACI\u00d3N DE SALAMANCA<\/strong>\u00a0 editado por <strong>Content Local<\/strong>.<\/p>\n        <\/div><\/div>[\/vc_column][\/vc_row]<\/p>\n","protected":false},"excerpt":{"rendered":"<p>[vc_row el_class=\u00bbcol-1-1 tablet-col-1-1&#8243;][vc_column el_class=\u00bbcol-1-1 tablet-col-1-1&#8243;][\/vc_column][\/vc_row][vc_row centrar=\u00bbtrue\u00bb el_class=\u00bbgrid grid-pad\u00bb][vc_column el_class=\u00bbcol-1-1 tablet-col-1-1&#8243;][\/vc_column][\/vc_row][vc_row centrar=\u00bbtrue\u00bb el_class=\u00bbgrid grid-pad\u00bb][vc_column el_class=\u00bbcol-10-12 tablet-col-1-1&#8243;][vc_empty_space height=\u00bb16px\u00bb][\/vc_column][\/vc_row][vc_row centrar=\u00bbtrue\u00bb el_class=\u00bbgrid grid-pad\u00bb][vc_column el_class=\u00bbcol-10-12 tablet-col-1-1&#8243;][vc_single_image image=\u00bb162507&#8243; img_size=\u00bbfull\u00bb add_caption=\u00bbyes\u00bb alignment=\u00bbcenter\u00bb][vc_single_image image=\u00bb162508&#8243; img_size=\u00bbfull\u00bb add_caption=\u00bbyes\u00bb alignment=\u00bbcenter\u00bb][vc_single_image image=\u00bb162509&#8243; img_size=\u00bbfull\u00bb add_caption=\u00bbyes\u00bb alignment=\u00bbcenter\u00bb][vc_single_image image=\u00bb162510&#8243; img_size=\u00bbfull\u00bb add_caption=\u00bbyes\u00bb alignment=\u00bbcenter\u00bb][vc_single_image image=\u00bb162511&#8243; img_size=\u00bbfull\u00bb add_caption=\u00bbyes\u00bb alignment=\u00bbcenter\u00bb][vc_single_image image=\u00bb162512&#8243; img_size=\u00bbfull\u00bb add_caption=\u00bbyes\u00bb alignment=\u00bbcenter\u00bb][\/vc_column][\/vc_row][vc_row centrar=\u00bbtrue\u00bb el_class=\u00bbgrid grid-pad\u00bb][vc_column el_class=\u00bbcol-1-1 tablet-col-1-1&#8243;][\/vc_column][\/vc_row]<\/p>\n","protected":false},"author":46,"featured_media":0,"comment_status":"closed","ping_status":"closed","sticky":false,"template":"","format":"standard","meta":[],"categories":[540],"tags":[],"acf":[],"_links":{"self":[{"href":"\/content-local\/wp-json\/wp\/v2\/posts\/162517"}],"collection":[{"href":"\/content-local\/wp-json\/wp\/v2\/posts"}],"about":[{"href":"\/content-local\/wp-json\/wp\/v2\/types\/post"}],"author":[{"embeddable":true,"href":"\/content-local\/wp-json\/wp\/v2\/users\/46"}],"replies":[{"embeddable":true,"href":"\/content-local\/wp-json\/wp\/v2\/comments?post=162517"}],"version-history":[{"count":2,"href":"\/content-local\/wp-json\/wp\/v2\/posts\/162517\/revisions"}],"predecessor-version":[{"id":162519,"href":"\/content-local\/wp-json\/wp\/v2\/posts\/162517\/revisions\/162519"}],"wp:attachment":[{"href":"\/content-local\/wp-json\/wp\/v2\/media?parent=162517"}],"wp:term":[{"taxonomy":"category","embeddable":true,"href":"\/content-local\/wp-json\/wp\/v2\/categories?post=162517"},{"taxonomy":"post_tag","embeddable":true,"href":"\/content-local\/wp-json\/wp\/v2\/tags?post=162517"}],"curies":[{"name":"wp","href":"https:\/\/api.w.org\/{rel}","templated":true}]}}